{"id":15044,"date":"2017-03-28T10:31:38","date_gmt":"2017-03-28T08:31:38","guid":{"rendered":"https:\/\/www.siebtechnik-tema.nl\/excenter-screening-machine\/"},"modified":"2019-07-29T14:11:51","modified_gmt":"2019-07-29T12:11:51","slug":"cribas-de-movimiento-excentrico","status":"publish","type":"post","link":"https:\/\/www.siebtechnik-tema.nl\/es\/cribas-de-movimiento-excentrico\/","title":{"rendered":"Cribas de movimiento Exc\u00e9ntrico"},"content":{"rendered":"<h2>Cribas de movimiento Exc\u00e9ntrico<\/h2>\n<p><strong>Sea lo que sea lo que le pida hacer, el resultado es siempre un rendimiento de cribado constante<\/strong><br \/>\nLa Cribas de movimiento Exc\u00e9ntrico SIEBTECHNIK TEMA est\u00e1 siempre lista para cualquier tarea gracias a su amplitud de vibraci\u00f3n fija. Las m\u00e1quinas de cribado exc\u00e9ntrica han demostrado su val\u00eda, durante muchos a\u00f1os en condiciones de trabajo dif\u00edciles durante muchos a\u00f1os, como pre-cribadoras con placas perforadas escalonadas o rejillas escalonadas .<\/p>\n<p>Los pre-separadores se usan preferiblemente antes de la primera etapa de trituraci\u00f3n, en canteras de piedra, minas de mineral y plantas de procesamiento de escoria. El \u00e1rea de cribado escalonada permite que el material pasante est\u00e9 bien clasificado.<br \/>\nEn el caso de material con formas largas, finas y puntiagudas que tienden a atascarse, recomendamos para obtener resultados \u00f3ptimos, una rejilla escalonada con ranuras que se hacen m\u00e1s grandes en la direcci\u00f3n de transporte. Tambi\u00e9n las soluciones de 2 pisos es factible y mejoran el proceso de clasificaci\u00f3n.<br \/>\nConstruimos nuestras m\u00e1quinas de movimientos exc\u00e9ntricos con anchos de cribado nominales de hasta 2100 mm y longitudes de pa\u00f1o de hasta 4000 mm.<br \/>\nPara una pre-selecci\u00f3n eficiente con placas perforadas o rejillas escalonadas.<\/p>\n","protected":false},"excerpt":{"rendered":"<p>Cribas de movimiento Exc\u00e9ntrico Sea lo que sea lo que le pida hacer, el resultado es siempre un rendimiento de&#8230;<\/p>\n","protected":false},"author":1,"featured_media":9284,"comment_status":"closed","ping_status":"closed","sticky":false,"template":"","format":"standard","meta":{"_acf_changed":false,"_monsterinsights_skip_tracking":false,"footnotes":""},"categories":[2081,1099,1196,1179,1053],"tags":[],"class_list":["post-15044","post","type-post","status-publish","format-standard","has-post-thumbnail","hentry","category-maquinas-de-cribado-y-procesado","category-minerales-y-mineria","category-productos","category-reciclaje-y-zld","category-sectores"],"acf":[],"yoast_head":"<!-- This site is optimized with the Yoast SEO plugin v28.2 - https:\/\/yoast.com\/product\/yoast-seo-wordpress\/ -->\n<title>Cribas de movimiento Exc\u00e9ntrico - SIEBTECHNIK TEMA<\/title>\n<meta name=\"description\" content=\"Die SIEBTECHNIK Exzenterschwingsiebmaschine ist durch ihre fest fixierte Schwingweite stets zu allem bereit. Zuverl\u00e4ssiger Verschlei\u00dfschutz.\" \/>\n<meta name=\"robots\" content=\"index, follow, max-snippet:-1, max-image-preview:large, max-video-preview:-1\" \/>\n<link rel=\"canonical\" href=\"https:\/\/www.siebtechnik-tema.nl\/es\/cribas-de-movimiento-excentrico\/\" \/>\n<meta property=\"og:locale\" content=\"es_ES\" \/>\n<meta property=\"og:type\" content=\"article\" \/>\n<meta property=\"og:title\" content=\"Cribas de movimiento Exc\u00e9ntrico - SIEBTECHNIK TEMA\" \/>\n<meta property=\"og:description\" content=\"Die SIEBTECHNIK Exzenterschwingsiebmaschine ist durch ihre fest fixierte Schwingweite stets zu allem bereit. Zuverl\u00e4ssiger Verschlei\u00dfschutz.\" \/>\n<meta property=\"og:url\" content=\"https:\/\/www.siebtechnik-tema.nl\/es\/cribas-de-movimiento-excentrico\/\" \/>\n<meta property=\"og:site_name\" content=\"SIEBTECHNIK TEMA\" \/>\n<meta property=\"article:publisher\" content=\"https:\/\/www.facebook.com\/pages\/Siebtechnik-GmbH\/138672582868057\" \/>\n<meta property=\"article:published_time\" content=\"2017-03-28T08:31:38+00:00\" \/>\n<meta property=\"article:modified_time\" content=\"2019-07-29T12:11:51+00:00\" \/>\n<meta property=\"og:image\" content=\"https:\/\/www.siebtechnik-tema.nl\/wp-content\/uploads\/2017\/03\/SIEBTECHNIK-Exzenter-Siebmaschine-VS-14-44-I-G-Vor-Ort-1.jpg\" \/>\n\t<meta property=\"og:image:width\" content=\"1200\" \/>\n\t<meta property=\"og:image:height\" content=\"900\" \/>\n\t<meta property=\"og:image:type\" content=\"image\/jpeg\" \/>\n<meta name=\"author\" content=\"Balzuweit-84\" \/>\n<meta name=\"twitter:card\" content=\"summary_large_image\" \/>\n<meta name=\"twitter:label1\" content=\"Escrito por\" \/>\n\t<meta name=\"twitter:data1\" content=\"Balzuweit-84\" \/>\n\t<meta name=\"twitter:label2\" content=\"Tiempo de lectura\" \/>\n\t<meta name=\"twitter:data2\" content=\"1 minuto\" \/>\n<script type=\"application\/ld+json\" class=\"yoast-schema-graph\">{\"@context\":\"https:\\\/\\\/schema.org\",\"@graph\":[{\"@type\":\"Article\",\"@id\":\"https:\\\/\\\/www.siebtechnik-tema.nl\\\/es\\\/cribas-de-movimiento-excentrico\\\/#article\",\"isPartOf\":{\"@id\":\"https:\\\/\\\/www.siebtechnik-tema.nl\\\/es\\\/cribas-de-movimiento-excentrico\\\/\"},\"author\":{\"name\":\"Balzuweit-84\",\"@id\":\"https:\\\/\\\/www.siebtechnik-tema.nl\\\/#\\\/schema\\\/person\\\/b05fc99f54524bd51a7cf5da6974f121\"},\"headline\":\"Cribas de movimiento Exc\u00e9ntrico\",\"datePublished\":\"2017-03-28T08:31:38+00:00\",\"dateModified\":\"2019-07-29T12:11:51+00:00\",\"mainEntityOfPage\":{\"@id\":\"https:\\\/\\\/www.siebtechnik-tema.nl\\\/es\\\/cribas-de-movimiento-excentrico\\\/\"},\"wordCount\":211,\"publisher\":{\"@id\":\"https:\\\/\\\/www.siebtechnik-tema.nl\\\/#organization\"},\"image\":{\"@id\":\"https:\\\/\\\/www.siebtechnik-tema.nl\\\/es\\\/cribas-de-movimiento-excentrico\\\/#primaryimage\"},\"thumbnailUrl\":\"https:\\\/\\\/www.siebtechnik-tema.nl\\\/wp-content\\\/uploads\\\/2017\\\/03\\\/SIEBTECHNIK-Exzenter-Siebmaschine-VS-14-44-I-G-Vor-Ort-1.jpg\",\"articleSection\":[\"M\u00e1quinas de cribado y procesado\",\"Minerales y Miner\u00eda\",\"Productos\",\"Reciclaje y ZLD\",\"Sectores\"],\"inLanguage\":\"es\"},{\"@type\":\"WebPage\",\"@id\":\"https:\\\/\\\/www.siebtechnik-tema.nl\\\/es\\\/cribas-de-movimiento-excentrico\\\/\",\"url\":\"https:\\\/\\\/www.siebtechnik-tema.nl\\\/es\\\/cribas-de-movimiento-excentrico\\\/\",\"name\":\"Cribas de movimiento Exc\u00e9ntrico - SIEBTECHNIK TEMA\",\"isPartOf\":{\"@id\":\"https:\\\/\\\/www.siebtechnik-tema.nl\\\/#website\"},\"primaryImageOfPage\":{\"@id\":\"https:\\\/\\\/www.siebtechnik-tema.nl\\\/es\\\/cribas-de-movimiento-excentrico\\\/#primaryimage\"},\"image\":{\"@id\":\"https:\\\/\\\/www.siebtechnik-tema.nl\\\/es\\\/cribas-de-movimiento-excentrico\\\/#primaryimage\"},\"thumbnailUrl\":\"https:\\\/\\\/www.siebtechnik-tema.nl\\\/wp-content\\\/uploads\\\/2017\\\/03\\\/SIEBTECHNIK-Exzenter-Siebmaschine-VS-14-44-I-G-Vor-Ort-1.jpg\",\"datePublished\":\"2017-03-28T08:31:38+00:00\",\"dateModified\":\"2019-07-29T12:11:51+00:00\",\"description\":\"Die SIEBTECHNIK Exzenterschwingsiebmaschine ist durch ihre fest fixierte Schwingweite stets zu allem bereit. Zuverl\u00e4ssiger Verschlei\u00dfschutz.\",\"breadcrumb\":{\"@id\":\"https:\\\/\\\/www.siebtechnik-tema.nl\\\/es\\\/cribas-de-movimiento-excentrico\\\/#breadcrumb\"},\"inLanguage\":\"es\",\"potentialAction\":[{\"@type\":\"ReadAction\",\"target\":[\"https:\\\/\\\/www.siebtechnik-tema.nl\\\/es\\\/cribas-de-movimiento-excentrico\\\/\"]}]},{\"@type\":\"ImageObject\",\"inLanguage\":\"es\",\"@id\":\"https:\\\/\\\/www.siebtechnik-tema.nl\\\/es\\\/cribas-de-movimiento-excentrico\\\/#primaryimage\",\"url\":\"https:\\\/\\\/www.siebtechnik-tema.nl\\\/wp-content\\\/uploads\\\/2017\\\/03\\\/SIEBTECHNIK-Exzenter-Siebmaschine-VS-14-44-I-G-Vor-Ort-1.jpg\",\"contentUrl\":\"https:\\\/\\\/www.siebtechnik-tema.nl\\\/wp-content\\\/uploads\\\/2017\\\/03\\\/SIEBTECHNIK-Exzenter-Siebmaschine-VS-14-44-I-G-Vor-Ort-1.jpg\",\"width\":1200,\"height\":900,\"caption\":\"Exzentersiebmaschine VS 14-44-I G Vor Ort\"},{\"@type\":\"BreadcrumbList\",\"@id\":\"https:\\\/\\\/www.siebtechnik-tema.nl\\\/es\\\/cribas-de-movimiento-excentrico\\\/#breadcrumb\",\"itemListElement\":[{\"@type\":\"ListItem\",\"position\":1,\"name\":\"Home\",\"item\":\"https:\\\/\\\/www.siebtechnik-tema.nl\\\/es\\\/\"},{\"@type\":\"ListItem\",\"position\":2,\"name\":\"Producten\",\"item\":\"https:\\\/\\\/www.siebtechnik-tema.nl\\\/category\\\/producten\\\/\"},{\"@type\":\"ListItem\",\"position\":3,\"name\":\"Zeef- en verwerkingsmachines\",\"item\":\"https:\\\/\\\/www.siebtechnik-tema.nl\\\/category\\\/producten\\\/zeef-en-verwerkingsmachines\\\/\"},{\"@type\":\"ListItem\",\"position\":4,\"name\":\"Cribas de movimiento Exc\u00e9ntrico\"}]},{\"@type\":\"WebSite\",\"@id\":\"https:\\\/\\\/www.siebtechnik-tema.nl\\\/#website\",\"url\":\"https:\\\/\\\/www.siebtechnik-tema.nl\\\/\",\"name\":\"SIEBTECHNIK TEMA\",\"description\":\"siebtechnik-tema.de\",\"publisher\":{\"@id\":\"https:\\\/\\\/www.siebtechnik-tema.nl\\\/#organization\"},\"potentialAction\":[{\"@type\":\"SearchAction\",\"target\":{\"@type\":\"EntryPoint\",\"urlTemplate\":\"https:\\\/\\\/www.siebtechnik-tema.nl\\\/?s={search_term_string}\"},\"query-input\":{\"@type\":\"PropertyValueSpecification\",\"valueRequired\":true,\"valueName\":\"search_term_string\"}}],\"inLanguage\":\"es\"},{\"@type\":\"Organization\",\"@id\":\"https:\\\/\\\/www.siebtechnik-tema.nl\\\/#organization\",\"name\":\"Siebtechnik Tema B.V.\",\"url\":\"https:\\\/\\\/www.siebtechnik-tema.nl\\\/\",\"logo\":{\"@type\":\"ImageObject\",\"inLanguage\":\"es\",\"@id\":\"https:\\\/\\\/www.siebtechnik-tema.nl\\\/#\\\/schema\\\/logo\\\/image\\\/\",\"url\":\"https:\\\/\\\/www.siebtechnik-tema.nl\\\/wp-content\\\/uploads\\\/2019\\\/01\\\/Header-sbte_new-umbrella-brand.jpg\",\"contentUrl\":\"https:\\\/\\\/www.siebtechnik-tema.nl\\\/wp-content\\\/uploads\\\/2019\\\/01\\\/Header-sbte_new-umbrella-brand.jpg\",\"width\":950,\"height\":300,\"caption\":\"Siebtechnik Tema B.V.\"},\"image\":{\"@id\":\"https:\\\/\\\/www.siebtechnik-tema.nl\\\/#\\\/schema\\\/logo\\\/image\\\/\"},\"sameAs\":[\"https:\\\/\\\/www.facebook.com\\\/pages\\\/Siebtechnik-GmbH\\\/138672582868057\",\"https:\\\/\\\/www.youtube.com\\\/channel\\\/UCGWoYQxN-eyDG0H_Nq3JFwQ\"]},{\"@type\":\"Person\",\"@id\":\"https:\\\/\\\/www.siebtechnik-tema.nl\\\/#\\\/schema\\\/person\\\/b05fc99f54524bd51a7cf5da6974f121\",\"name\":\"Balzuweit-84\"}]}<\/script>\n<!-- \/ Yoast SEO plugin. -->","yoast_head_json":{"title":"Cribas de movimiento Exc\u00e9ntrico - SIEBTECHNIK TEMA","description":"Die SIEBTECHNIK Exzenterschwingsiebmaschine ist durch ihre fest fixierte Schwingweite stets zu allem bereit. Zuverl\u00e4ssiger Verschlei\u00dfschutz.","robots":{"index":"index","follow":"follow","max-snippet":"max-snippet:-1","max-image-preview":"max-image-preview:large","max-video-preview":"max-video-preview:-1"},"canonical":"https:\/\/www.siebtechnik-tema.nl\/es\/cribas-de-movimiento-excentrico\/","og_locale":"es_ES","og_type":"article","og_title":"Cribas de movimiento Exc\u00e9ntrico - SIEBTECHNIK TEMA","og_description":"Die SIEBTECHNIK Exzenterschwingsiebmaschine ist durch ihre fest fixierte Schwingweite stets zu allem bereit. Zuverl\u00e4ssiger Verschlei\u00dfschutz.","og_url":"https:\/\/www.siebtechnik-tema.nl\/es\/cribas-de-movimiento-excentrico\/","og_site_name":"SIEBTECHNIK TEMA","article_publisher":"https:\/\/www.facebook.com\/pages\/Siebtechnik-GmbH\/138672582868057","article_published_time":"2017-03-28T08:31:38+00:00","article_modified_time":"2019-07-29T12:11:51+00:00","og_image":[{"width":1200,"height":900,"url":"https:\/\/www.siebtechnik-tema.nl\/wp-content\/uploads\/2017\/03\/SIEBTECHNIK-Exzenter-Siebmaschine-VS-14-44-I-G-Vor-Ort-1.jpg","type":"image\/jpeg"}],"author":"Balzuweit-84","twitter_card":"summary_large_image","twitter_misc":{"Escrito por":"Balzuweit-84","Tiempo de lectura":"1 minuto"},"schema":{"@context":"https:\/\/schema.org","@graph":[{"@type":"Article","@id":"https:\/\/www.siebtechnik-tema.nl\/es\/cribas-de-movimiento-excentrico\/#article","isPartOf":{"@id":"https:\/\/www.siebtechnik-tema.nl\/es\/cribas-de-movimiento-excentrico\/"},"author":{"name":"Balzuweit-84","@id":"https:\/\/www.siebtechnik-tema.nl\/#\/schema\/person\/b05fc99f54524bd51a7cf5da6974f121"},"headline":"Cribas de movimiento Exc\u00e9ntrico","datePublished":"2017-03-28T08:31:38+00:00","dateModified":"2019-07-29T12:11:51+00:00","mainEntityOfPage":{"@id":"https:\/\/www.siebtechnik-tema.nl\/es\/cribas-de-movimiento-excentrico\/"},"wordCount":211,"publisher":{"@id":"https:\/\/www.siebtechnik-tema.nl\/#organization"},"image":{"@id":"https:\/\/www.siebtechnik-tema.nl\/es\/cribas-de-movimiento-excentrico\/#primaryimage"},"thumbnailUrl":"https:\/\/www.siebtechnik-tema.nl\/wp-content\/uploads\/2017\/03\/SIEBTECHNIK-Exzenter-Siebmaschine-VS-14-44-I-G-Vor-Ort-1.jpg","articleSection":["M\u00e1quinas de cribado y procesado","Minerales y Miner\u00eda","Productos","Reciclaje y ZLD","Sectores"],"inLanguage":"es"},{"@type":"WebPage","@id":"https:\/\/www.siebtechnik-tema.nl\/es\/cribas-de-movimiento-excentrico\/","url":"https:\/\/www.siebtechnik-tema.nl\/es\/cribas-de-movimiento-excentrico\/","name":"Cribas de movimiento Exc\u00e9ntrico - SIEBTECHNIK TEMA","isPartOf":{"@id":"https:\/\/www.siebtechnik-tema.nl\/#website"},"primaryImageOfPage":{"@id":"https:\/\/www.siebtechnik-tema.nl\/es\/cribas-de-movimiento-excentrico\/#primaryimage"},"image":{"@id":"https:\/\/www.siebtechnik-tema.nl\/es\/cribas-de-movimiento-excentrico\/#primaryimage"},"thumbnailUrl":"https:\/\/www.siebtechnik-tema.nl\/wp-content\/uploads\/2017\/03\/SIEBTECHNIK-Exzenter-Siebmaschine-VS-14-44-I-G-Vor-Ort-1.jpg","datePublished":"2017-03-28T08:31:38+00:00","dateModified":"2019-07-29T12:11:51+00:00","description":"Die SIEBTECHNIK Exzenterschwingsiebmaschine ist durch ihre fest fixierte Schwingweite stets zu allem bereit. Zuverl\u00e4ssiger Verschlei\u00dfschutz.","breadcrumb":{"@id":"https:\/\/www.siebtechnik-tema.nl\/es\/cribas-de-movimiento-excentrico\/#breadcrumb"},"inLanguage":"es","potentialAction":[{"@type":"ReadAction","target":["https:\/\/www.siebtechnik-tema.nl\/es\/cribas-de-movimiento-excentrico\/"]}]},{"@type":"ImageObject","inLanguage":"es","@id":"https:\/\/www.siebtechnik-tema.nl\/es\/cribas-de-movimiento-excentrico\/#primaryimage","url":"https:\/\/www.siebtechnik-tema.nl\/wp-content\/uploads\/2017\/03\/SIEBTECHNIK-Exzenter-Siebmaschine-VS-14-44-I-G-Vor-Ort-1.jpg","contentUrl":"https:\/\/www.siebtechnik-tema.nl\/wp-content\/uploads\/2017\/03\/SIEBTECHNIK-Exzenter-Siebmaschine-VS-14-44-I-G-Vor-Ort-1.jpg","width":1200,"height":900,"caption":"Exzentersiebmaschine VS 14-44-I G Vor Ort"},{"@type":"BreadcrumbList","@id":"https:\/\/www.siebtechnik-tema.nl\/es\/cribas-de-movimiento-excentrico\/#breadcrumb","itemListElement":[{"@type":"ListItem","position":1,"name":"Home","item":"https:\/\/www.siebtechnik-tema.nl\/es\/"},{"@type":"ListItem","position":2,"name":"Producten","item":"https:\/\/www.siebtechnik-tema.nl\/category\/producten\/"},{"@type":"ListItem","position":3,"name":"Zeef- en verwerkingsmachines","item":"https:\/\/www.siebtechnik-tema.nl\/category\/producten\/zeef-en-verwerkingsmachines\/"},{"@type":"ListItem","position":4,"name":"Cribas de movimiento Exc\u00e9ntrico"}]},{"@type":"WebSite","@id":"https:\/\/www.siebtechnik-tema.nl\/#website","url":"https:\/\/www.siebtechnik-tema.nl\/","name":"SIEBTECHNIK TEMA","description":"siebtechnik-tema.de","publisher":{"@id":"https:\/\/www.siebtechnik-tema.nl\/#organization"},"potentialAction":[{"@type":"SearchAction","target":{"@type":"EntryPoint","urlTemplate":"https:\/\/www.siebtechnik-tema.nl\/?s={search_term_string}"},"query-input":{"@type":"PropertyValueSpecification","valueRequired":true,"valueName":"search_term_string"}}],"inLanguage":"es"},{"@type":"Organization","@id":"https:\/\/www.siebtechnik-tema.nl\/#organization","name":"Siebtechnik Tema B.V.","url":"https:\/\/www.siebtechnik-tema.nl\/","logo":{"@type":"ImageObject","inLanguage":"es","@id":"https:\/\/www.siebtechnik-tema.nl\/#\/schema\/logo\/image\/","url":"https:\/\/www.siebtechnik-tema.nl\/wp-content\/uploads\/2019\/01\/Header-sbte_new-umbrella-brand.jpg","contentUrl":"https:\/\/www.siebtechnik-tema.nl\/wp-content\/uploads\/2019\/01\/Header-sbte_new-umbrella-brand.jpg","width":950,"height":300,"caption":"Siebtechnik Tema B.V."},"image":{"@id":"https:\/\/www.siebtechnik-tema.nl\/#\/schema\/logo\/image\/"},"sameAs":["https:\/\/www.facebook.com\/pages\/Siebtechnik-GmbH\/138672582868057","https:\/\/www.youtube.com\/channel\/UCGWoYQxN-eyDG0H_Nq3JFwQ"]},{"@type":"Person","@id":"https:\/\/www.siebtechnik-tema.nl\/#\/schema\/person\/b05fc99f54524bd51a7cf5da6974f121","name":"Balzuweit-84"}]}},"_links":{"self":[{"href":"https:\/\/www.siebtechnik-tema.nl\/es\/wp-json\/wp\/v2\/posts\/15044","targetHints":{"allow":["GET"]}}],"collection":[{"href":"https:\/\/www.siebtechnik-tema.nl\/es\/wp-json\/wp\/v2\/posts"}],"about":[{"href":"https:\/\/www.siebtechnik-tema.nl\/es\/wp-json\/wp\/v2\/types\/post"}],"author":[{"embeddable":true,"href":"https:\/\/www.siebtechnik-tema.nl\/es\/wp-json\/wp\/v2\/users\/1"}],"replies":[{"embeddable":true,"href":"https:\/\/www.siebtechnik-tema.nl\/es\/wp-json\/wp\/v2\/comments?post=15044"}],"version-history":[{"count":2,"href":"https:\/\/www.siebtechnik-tema.nl\/es\/wp-json\/wp\/v2\/posts\/15044\/revisions"}],"predecessor-version":[{"id":27443,"href":"https:\/\/www.siebtechnik-tema.nl\/es\/wp-json\/wp\/v2\/posts\/15044\/revisions\/27443"}],"wp:featuredmedia":[{"embeddable":true,"href":"https:\/\/www.siebtechnik-tema.nl\/es\/wp-json\/wp\/v2\/media\/9284"}],"wp:attachment":[{"href":"https:\/\/www.siebtechnik-tema.nl\/es\/wp-json\/wp\/v2\/media?parent=15044"}],"wp:term":[{"taxonomy":"category","embeddable":true,"href":"https:\/\/www.siebtechnik-tema.nl\/es\/wp-json\/wp\/v2\/categories?post=15044"},{"taxonomy":"post_tag","embeddable":true,"href":"https:\/\/www.siebtechnik-tema.nl\/es\/wp-json\/wp\/v2\/tags?post=15044"}],"curies":[{"name":"wp","href":"https:\/\/api.w.org\/{rel}","templated":true}]}}